{"id":7629,"date":"2026-02-24T17:07:00","date_gmt":"2026-02-24T17:07:00","guid":{"rendered":"https:\/\/www.studionazari.com\/?p=7629"},"modified":"2026-03-09T17:09:04","modified_gmt":"2026-03-09T17:09:04","slug":"gardaland-presenta-a-sanremo-il-nuovo-brano-stagioni-ed-emozioni","status":"publish","type":"post","link":"https:\/\/www.studionazari.com\/en\/2026\/02\/24\/gardaland-presenta-a-sanremo-il-nuovo-brano-stagioni-ed-emozioni\/","title":{"rendered":"Gardaland presenta a Sanremo il nuovo brano &#8220;Stagioni ed Emozioni&#8221;"},"content":{"rendered":"<div data-elementor-type=\"wp-post\" data-elementor-id=\"7629\" class=\"elementor elementor-7629\" data-elementor-post-type=\"post\">\n\t\t\t\t\t\t<section class=\"has_eae_slider elementor-section elementor-top-section elementor-element elementor-element-74650c88 elementor-section-full_width elementor-section-height-default elementor-section-height-default\" data-eae-slider=\"14298\" data-id=\"74650c88\" data-element_type=\"section\" data-e-type=\"section\">\n\t\t\t\t\t\t<div class=\"elementor-container elementor-column-gap-default\">\n\t\t\t\t\t<div class=\"has_eae_slider elementor-column elementor-col-100 elementor-top-column elementor-element elementor-element-2cbd3f69\" data-eae-slider=\"65180\" data-id=\"2cbd3f69\" data-element_type=\"column\" data-e-type=\"column\">\n\t\t\t<div class=\"elementor-widget-wrap elementor-element-populated\">\n\t\t\t\t\t\t<div class=\"elementor-element elementor-element-71cbdca elementor-widget elementor-widget-text-editor\" data-id=\"71cbdca\" data-element_type=\"widget\" data-e-type=\"widget\" data-widget_type=\"text-editor.default\">\n\t\t\t\t<div class=\"elementor-widget-container\">\n\t\t\t\t\t\t\t\t\t<p>In occasione del <strong>Festival di Sanremo<\/strong>, <strong>Gardaland presenta la main song della stagione 2026<\/strong>. Per la prima volta, il Resort porta la sua musica oltre i confini di Gardaland, rendendo protagoniste le persone e le loro emozioni.<\/p><p>Fuori dal Teatro Ariston, Prezzemolo ha coinvolto decine di passanti che, a sorpresa, hanno ascoltato il brano in anteprima prima della sua pubblicazione.<\/p><p>Dopo aver indossato le cuffie e premuto play, la nuova canzone accende sorrisi, sguardi emozionati, momenti di pura gioia e movimenti a tempo di musica. Un\u2019atmosfera che riflette la missione di Gardaland Resort: r<strong>egalare emozioni e divertimento senza limiti<\/strong>, n\u00e9 di et\u00e0 n\u00e9 di luogo, capaci di accompagnare le persone ovunque, anche in cuffia, oltre l\u2019esperienza vissuta dal vivo.<\/p>\t\t\t\t\t\t\t\t<\/div>\n\t\t\t\t<\/div>\n\t\t\t\t\t<\/div>\n\t\t<\/div>\n\t\t\t\t\t<\/div>\n\t\t<\/section>\n\t\t\t\t<section class=\"has_eae_slider elementor-section elementor-top-section elementor-element elementor-element-5fcb661 elementor-section-boxed elementor-section-height-default elementor-section-height-default\" data-eae-slider=\"80369\" data-id=\"5fcb661\" data-element_type=\"section\" data-e-type=\"section\">\n\t\t\t\t\t\t<div class=\"elementor-container elementor-column-gap-default\">\n\t\t\t\t\t<div class=\"has_eae_slider elementor-column elementor-col-100 elementor-top-column elementor-element elementor-element-b4d87e6\" data-eae-slider=\"32265\" data-id=\"b4d87e6\" data-element_type=\"column\" data-e-type=\"column\">\n\t\t\t<div class=\"elementor-widget-wrap elementor-element-populated\">\n\t\t\t\t\t\t<div class=\"elementor-element elementor-element-a3d2b92 elementor-widget__width-initial elementor-widget elementor-widget-image\" data-id=\"a3d2b92\" data-element_type=\"widget\" data-e-type=\"widget\" data-widget_type=\"image.default\">\n\t\t\t\t<div class=\"elementor-widget-container\">\n\t\t\t\t\t\t\t\t\t\t\t\t\t\t\t<img fetchpriority=\"high\" decoding=\"async\" width=\"800\" height=\"800\" src=\"https:\/\/www.studionazari.com\/wp-content\/uploads\/2022\/07\/book.svg\" class=\"attachment-large size-large wp-image-2303\" alt=\"\" \/>\t\t\t\t\t\t\t\t\t\t\t\t\t\t\t<\/div>\n\t\t\t\t<\/div>\n\t\t\t\t<div class=\"elementor-element elementor-element-6ad6c32 elementor-widget__width-auto elementor-widget-mobile__width-inherit elementor-widget elementor-widget-heading\" data-id=\"6ad6c32\" data-element_type=\"widget\" data-e-type=\"widget\" data-widget_type=\"heading.default\">\n\t\t\t\t<div class=\"elementor-widget-container\">\n\t\t\t\t\t<h4 class=\"elementor-heading-title elementor-size-small\"><a href=\"https:\/\/tgverona.telenuovo.it\/attualita\/2026\/02\/26\/video-gardaland-porta-il-suo-tormentone-estivo-a-sanremo\" target=\"_blank\">Telenuovo.it<\/a><\/h4>\t\t\t\t<\/div>\n\t\t\t\t<\/div>\n\t\t\t\t<div class=\"elementor-element elementor-element-9a254db elementor-widget__width-auto elementor-widget-mobile__width-inherit elementor-widget elementor-widget-heading\" data-id=\"9a254db\" data-element_type=\"widget\" data-e-type=\"widget\" data-widget_type=\"heading.default\">\n\t\t\t\t<div class=\"elementor-widget-container\">\n\t\t\t\t\t<h4 class=\"elementor-heading-title elementor-size-small\"><a href=\"https:\/\/brand-news.it\/brand\/tempo-libero\/leisure\/gardaland-presenta-a-sanremo-la-colonna-sonora-dellestate-2026-stagioni-ed-emozioni\/\" target=\"_blank\">Brand-news.it<\/a><\/h4>\t\t\t\t<\/div>\n\t\t\t\t<\/div>\n\t\t\t\t\t<\/div>\n\t\t<\/div>\n\t\t\t\t\t<\/div>\n\t\t<\/section>\n\t\t<div class=\"has_eae_slider elementor-element elementor-element-5237380 e-flex e-con-boxed e-con e-parent\" data-eae-slider=\"98307\" data-id=\"5237380\" data-element_type=\"container\" data-e-type=\"container\">\n\t\t\t\t\t<div class=\"e-con-inner\">\n\t\t\t\t\t<\/div>\n\t\t\t\t<\/div>\n\t\t<div class=\"has_eae_slider elementor-element elementor-element-af0b356 e-flex e-con-boxed e-con e-parent\" data-eae-slider=\"61564\" data-id=\"af0b356\" data-element_type=\"container\" data-e-type=\"container\">\n\t\t\t\t\t<div class=\"e-con-inner\">\n\t\t\t\t\t<\/div>\n\t\t\t\t<\/div>\n\t\t\t\t<\/div>","protected":false},"excerpt":{"rendered":"<p>Gardaland porta tra le strade della citt\u00e0 ligure \u201cStagioni ed Emozioni\u201d, la nuova canzone della stagione 2026. <\/p>","protected":false},"author":7,"featured_media":7631,"comment_status":"closed","ping_status":"closed","sticky":false,"template":"","format":"standard","meta":{"inline_featured_image":false,"footnotes":"","_links_to":"","_links_to_target":""},"categories":[8],"tags":[],"class_list":["post-7629","post","type-post","status-publish","format-standard","has-post-thumbnail","hentry","category-news"],"yoast_head":"<!-- This site is optimized with the Yoast SEO plugin v27.5 - https:\/\/yoast.com\/product\/yoast-seo-wordpress\/ -->\n<title>Gardaland presenta a Sanremo il nuovo brano &quot;Stagioni ed Emozioni&quot; - Studio Nazari<\/title>\n<meta name=\"description\" content=\"Gardaland porta tra le strade della citt\u00e0 ligure \u201cStagioni ed Emozioni\u201d, la nuova canzone della stagione 2026\" \/>\n<meta name=\"robots\" content=\"index, follow, max-snippet:-1, max-image-preview:large, max-video-preview:-1\" \/>\n<link rel=\"canonical\" href=\"https:\/\/www.studionazari.com\/en\/2026\/02\/24\/gardaland-presenta-a-sanremo-il-nuovo-brano-stagioni-ed-emozioni\/\" \/>\n<meta property=\"og:locale\" content=\"en_US\" \/>\n<meta property=\"og:type\" content=\"article\" \/>\n<meta property=\"og:title\" content=\"Gardaland presenta a Sanremo il nuovo brano &quot;Stagioni ed Emozioni&quot; - Studio Nazari\" \/>\n<meta property=\"og:description\" content=\"Gardaland porta tra le strade della citt\u00e0 ligure \u201cStagioni ed Emozioni\u201d, la nuova canzone della stagione 2026\" \/>\n<meta property=\"og:url\" content=\"https:\/\/www.studionazari.com\/en\/2026\/02\/24\/gardaland-presenta-a-sanremo-il-nuovo-brano-stagioni-ed-emozioni\/\" \/>\n<meta property=\"og:site_name\" content=\"Studio Nazari\" \/>\n<meta property=\"article:published_time\" content=\"2026-02-24T17:07:00+00:00\" \/>\n<meta property=\"article:modified_time\" content=\"2026-03-09T17:09:04+00:00\" \/>\n<meta property=\"og:image\" content=\"https:\/\/www.studionazari.com\/wp-content\/uploads\/2026\/03\/Gardaland_Stagioni-ed-Emozioni_C7647-1.jpg\" \/>\n\t<meta property=\"og:image:width\" content=\"1200\" \/>\n\t<meta property=\"og:image:height\" content=\"628\" \/>\n\t<meta property=\"og:image:type\" content=\"image\/jpeg\" \/>\n<meta name=\"author\" content=\"Stefania Gianninoto\" \/>\n<meta name=\"twitter:card\" content=\"summary_large_image\" \/>\n<meta name=\"twitter:label1\" content=\"Written by\" \/>\n\t<meta name=\"twitter:data1\" content=\"Stefania Gianninoto\" \/>\n\t<meta name=\"twitter:label2\" content=\"Est. reading time\" \/>\n\t<meta name=\"twitter:data2\" content=\"2 minutes\" \/>\n<script type=\"application\/ld+json\" class=\"yoast-schema-graph\">{\"@context\":\"https:\\\/\\\/schema.org\",\"@graph\":[{\"@type\":\"Article\",\"@id\":\"https:\\\/\\\/www.studionazari.com\\\/2026\\\/02\\\/24\\\/gardaland-presenta-a-sanremo-il-nuovo-brano-stagioni-ed-emozioni\\\/#article\",\"isPartOf\":{\"@id\":\"https:\\\/\\\/www.studionazari.com\\\/2026\\\/02\\\/24\\\/gardaland-presenta-a-sanremo-il-nuovo-brano-stagioni-ed-emozioni\\\/\"},\"author\":{\"name\":\"Stefania Gianninoto\",\"@id\":\"https:\\\/\\\/www.studionazari.com\\\/en\\\/#\\\/schema\\\/person\\\/7187389a555382073f7910283c42672c\"},\"headline\":\"Gardaland presenta a Sanremo il nuovo brano &#8220;Stagioni ed Emozioni&#8221;\",\"datePublished\":\"2026-02-24T17:07:00+00:00\",\"dateModified\":\"2026-03-09T17:09:04+00:00\",\"mainEntityOfPage\":{\"@id\":\"https:\\\/\\\/www.studionazari.com\\\/2026\\\/02\\\/24\\\/gardaland-presenta-a-sanremo-il-nuovo-brano-stagioni-ed-emozioni\\\/\"},\"wordCount\":134,\"publisher\":{\"@id\":\"https:\\\/\\\/www.studionazari.com\\\/en\\\/#organization\"},\"image\":{\"@id\":\"https:\\\/\\\/www.studionazari.com\\\/2026\\\/02\\\/24\\\/gardaland-presenta-a-sanremo-il-nuovo-brano-stagioni-ed-emozioni\\\/#primaryimage\"},\"thumbnailUrl\":\"https:\\\/\\\/www.studionazari.com\\\/wp-content\\\/uploads\\\/2026\\\/03\\\/Gardaland_Stagioni-ed-Emozioni_C7647-1.jpg\",\"articleSection\":[\"News\"],\"inLanguage\":\"en-US\"},{\"@type\":\"WebPage\",\"@id\":\"https:\\\/\\\/www.studionazari.com\\\/2026\\\/02\\\/24\\\/gardaland-presenta-a-sanremo-il-nuovo-brano-stagioni-ed-emozioni\\\/\",\"url\":\"https:\\\/\\\/www.studionazari.com\\\/2026\\\/02\\\/24\\\/gardaland-presenta-a-sanremo-il-nuovo-brano-stagioni-ed-emozioni\\\/\",\"name\":\"Gardaland presenta a Sanremo il nuovo brano \\\"Stagioni ed Emozioni\\\" - Studio Nazari\",\"isPartOf\":{\"@id\":\"https:\\\/\\\/www.studionazari.com\\\/en\\\/#website\"},\"primaryImageOfPage\":{\"@id\":\"https:\\\/\\\/www.studionazari.com\\\/2026\\\/02\\\/24\\\/gardaland-presenta-a-sanremo-il-nuovo-brano-stagioni-ed-emozioni\\\/#primaryimage\"},\"image\":{\"@id\":\"https:\\\/\\\/www.studionazari.com\\\/2026\\\/02\\\/24\\\/gardaland-presenta-a-sanremo-il-nuovo-brano-stagioni-ed-emozioni\\\/#primaryimage\"},\"thumbnailUrl\":\"https:\\\/\\\/www.studionazari.com\\\/wp-content\\\/uploads\\\/2026\\\/03\\\/Gardaland_Stagioni-ed-Emozioni_C7647-1.jpg\",\"datePublished\":\"2026-02-24T17:07:00+00:00\",\"dateModified\":\"2026-03-09T17:09:04+00:00\",\"description\":\"Gardaland porta tra le strade della citt\u00e0 ligure \u201cStagioni ed Emozioni\u201d, la nuova canzone della stagione 2026\",\"breadcrumb\":{\"@id\":\"https:\\\/\\\/www.studionazari.com\\\/2026\\\/02\\\/24\\\/gardaland-presenta-a-sanremo-il-nuovo-brano-stagioni-ed-emozioni\\\/#breadcrumb\"},\"inLanguage\":\"en-US\",\"potentialAction\":[{\"@type\":\"ReadAction\",\"target\":[\"https:\\\/\\\/www.studionazari.com\\\/2026\\\/02\\\/24\\\/gardaland-presenta-a-sanremo-il-nuovo-brano-stagioni-ed-emozioni\\\/\"]}]},{\"@type\":\"ImageObject\",\"inLanguage\":\"en-US\",\"@id\":\"https:\\\/\\\/www.studionazari.com\\\/2026\\\/02\\\/24\\\/gardaland-presenta-a-sanremo-il-nuovo-brano-stagioni-ed-emozioni\\\/#primaryimage\",\"url\":\"https:\\\/\\\/www.studionazari.com\\\/wp-content\\\/uploads\\\/2026\\\/03\\\/Gardaland_Stagioni-ed-Emozioni_C7647-1.jpg\",\"contentUrl\":\"https:\\\/\\\/www.studionazari.com\\\/wp-content\\\/uploads\\\/2026\\\/03\\\/Gardaland_Stagioni-ed-Emozioni_C7647-1.jpg\",\"width\":1200,\"height\":628},{\"@type\":\"BreadcrumbList\",\"@id\":\"https:\\\/\\\/www.studionazari.com\\\/2026\\\/02\\\/24\\\/gardaland-presenta-a-sanremo-il-nuovo-brano-stagioni-ed-emozioni\\\/#breadcrumb\",\"itemListElement\":[{\"@type\":\"ListItem\",\"position\":1,\"name\":\"Home\",\"item\":\"https:\\\/\\\/www.studionazari.com\\\/\"},{\"@type\":\"ListItem\",\"position\":2,\"name\":\"Gardaland presenta a Sanremo il nuovo brano &#8220;Stagioni ed Emozioni&#8221;\"}]},{\"@type\":\"WebSite\",\"@id\":\"https:\\\/\\\/www.studionazari.com\\\/en\\\/#website\",\"url\":\"https:\\\/\\\/www.studionazari.com\\\/en\\\/\",\"name\":\"Studio Nazari\",\"description\":\"Media Relations &amp; Digital PR\",\"publisher\":{\"@id\":\"https:\\\/\\\/www.studionazari.com\\\/en\\\/#organization\"},\"potentialAction\":[{\"@type\":\"SearchAction\",\"target\":{\"@type\":\"EntryPoint\",\"urlTemplate\":\"https:\\\/\\\/www.studionazari.com\\\/en\\\/?s={search_term_string}\"},\"query-input\":{\"@type\":\"PropertyValueSpecification\",\"valueRequired\":true,\"valueName\":\"search_term_string\"}}],\"inLanguage\":\"en-US\"},{\"@type\":\"Organization\",\"@id\":\"https:\\\/\\\/www.studionazari.com\\\/en\\\/#organization\",\"name\":\"Studio Nazari\",\"url\":\"https:\\\/\\\/www.studionazari.com\\\/en\\\/\",\"logo\":{\"@type\":\"ImageObject\",\"inLanguage\":\"en-US\",\"@id\":\"https:\\\/\\\/www.studionazari.com\\\/en\\\/#\\\/schema\\\/logo\\\/image\\\/\",\"url\":\"https:\\\/\\\/www.studionazari.com\\\/wp-content\\\/uploads\\\/2022\\\/05\\\/logo-studionazari.png\",\"contentUrl\":\"https:\\\/\\\/www.studionazari.com\\\/wp-content\\\/uploads\\\/2022\\\/05\\\/logo-studionazari.png\",\"width\":8000,\"height\":3675,\"caption\":\"Studio Nazari\"},\"image\":{\"@id\":\"https:\\\/\\\/www.studionazari.com\\\/en\\\/#\\\/schema\\\/logo\\\/image\\\/\"}},{\"@type\":\"Person\",\"@id\":\"https:\\\/\\\/www.studionazari.com\\\/en\\\/#\\\/schema\\\/person\\\/7187389a555382073f7910283c42672c\",\"name\":\"Stefania Gianninoto\",\"image\":{\"@type\":\"ImageObject\",\"inLanguage\":\"en-US\",\"@id\":\"https:\\\/\\\/secure.gravatar.com\\\/avatar\\\/c8ae71f736c09c8453ab37b92ecbc34f8f3c2d3317c9c1bf5f505f90742de0e7?s=96&d=mm&r=g\",\"url\":\"https:\\\/\\\/secure.gravatar.com\\\/avatar\\\/c8ae71f736c09c8453ab37b92ecbc34f8f3c2d3317c9c1bf5f505f90742de0e7?s=96&d=mm&r=g\",\"contentUrl\":\"https:\\\/\\\/secure.gravatar.com\\\/avatar\\\/c8ae71f736c09c8453ab37b92ecbc34f8f3c2d3317c9c1bf5f505f90742de0e7?s=96&d=mm&r=g\",\"caption\":\"Stefania Gianninoto\"}}]}<\/script>\n<!-- \/ Yoast SEO plugin. -->","yoast_head_json":{"title":"Gardaland presenta a Sanremo il nuovo brano \"Stagioni ed Emozioni\" - Studio Nazari","description":"Gardaland porta tra le strade della citt\u00e0 ligure \u201cStagioni ed Emozioni\u201d, la nuova canzone della stagione 2026","robots":{"index":"index","follow":"follow","max-snippet":"max-snippet:-1","max-image-preview":"max-image-preview:large","max-video-preview":"max-video-preview:-1"},"canonical":"https:\/\/www.studionazari.com\/en\/2026\/02\/24\/gardaland-presenta-a-sanremo-il-nuovo-brano-stagioni-ed-emozioni\/","og_locale":"en_US","og_type":"article","og_title":"Gardaland presenta a Sanremo il nuovo brano \"Stagioni ed Emozioni\" - Studio Nazari","og_description":"Gardaland porta tra le strade della citt\u00e0 ligure \u201cStagioni ed Emozioni\u201d, la nuova canzone della stagione 2026","og_url":"https:\/\/www.studionazari.com\/en\/2026\/02\/24\/gardaland-presenta-a-sanremo-il-nuovo-brano-stagioni-ed-emozioni\/","og_site_name":"Studio Nazari","article_published_time":"2026-02-24T17:07:00+00:00","article_modified_time":"2026-03-09T17:09:04+00:00","og_image":[{"width":1200,"height":628,"url":"https:\/\/www.studionazari.com\/wp-content\/uploads\/2026\/03\/Gardaland_Stagioni-ed-Emozioni_C7647-1.jpg","type":"image\/jpeg"}],"author":"Stefania Gianninoto","twitter_card":"summary_large_image","twitter_misc":{"Written by":"Stefania Gianninoto","Est. reading time":"2 minutes"},"schema":{"@context":"https:\/\/schema.org","@graph":[{"@type":"Article","@id":"https:\/\/www.studionazari.com\/2026\/02\/24\/gardaland-presenta-a-sanremo-il-nuovo-brano-stagioni-ed-emozioni\/#article","isPartOf":{"@id":"https:\/\/www.studionazari.com\/2026\/02\/24\/gardaland-presenta-a-sanremo-il-nuovo-brano-stagioni-ed-emozioni\/"},"author":{"name":"Stefania Gianninoto","@id":"https:\/\/www.studionazari.com\/en\/#\/schema\/person\/7187389a555382073f7910283c42672c"},"headline":"Gardaland presenta a Sanremo il nuovo brano &#8220;Stagioni ed Emozioni&#8221;","datePublished":"2026-02-24T17:07:00+00:00","dateModified":"2026-03-09T17:09:04+00:00","mainEntityOfPage":{"@id":"https:\/\/www.studionazari.com\/2026\/02\/24\/gardaland-presenta-a-sanremo-il-nuovo-brano-stagioni-ed-emozioni\/"},"wordCount":134,"publisher":{"@id":"https:\/\/www.studionazari.com\/en\/#organization"},"image":{"@id":"https:\/\/www.studionazari.com\/2026\/02\/24\/gardaland-presenta-a-sanremo-il-nuovo-brano-stagioni-ed-emozioni\/#primaryimage"},"thumbnailUrl":"https:\/\/www.studionazari.com\/wp-content\/uploads\/2026\/03\/Gardaland_Stagioni-ed-Emozioni_C7647-1.jpg","articleSection":["News"],"inLanguage":"en-US"},{"@type":"WebPage","@id":"https:\/\/www.studionazari.com\/2026\/02\/24\/gardaland-presenta-a-sanremo-il-nuovo-brano-stagioni-ed-emozioni\/","url":"https:\/\/www.studionazari.com\/2026\/02\/24\/gardaland-presenta-a-sanremo-il-nuovo-brano-stagioni-ed-emozioni\/","name":"Gardaland presenta a Sanremo il nuovo brano \"Stagioni ed Emozioni\" - Studio Nazari","isPartOf":{"@id":"https:\/\/www.studionazari.com\/en\/#website"},"primaryImageOfPage":{"@id":"https:\/\/www.studionazari.com\/2026\/02\/24\/gardaland-presenta-a-sanremo-il-nuovo-brano-stagioni-ed-emozioni\/#primaryimage"},"image":{"@id":"https:\/\/www.studionazari.com\/2026\/02\/24\/gardaland-presenta-a-sanremo-il-nuovo-brano-stagioni-ed-emozioni\/#primaryimage"},"thumbnailUrl":"https:\/\/www.studionazari.com\/wp-content\/uploads\/2026\/03\/Gardaland_Stagioni-ed-Emozioni_C7647-1.jpg","datePublished":"2026-02-24T17:07:00+00:00","dateModified":"2026-03-09T17:09:04+00:00","description":"Gardaland porta tra le strade della citt\u00e0 ligure \u201cStagioni ed Emozioni\u201d, la nuova canzone della stagione 2026","breadcrumb":{"@id":"https:\/\/www.studionazari.com\/2026\/02\/24\/gardaland-presenta-a-sanremo-il-nuovo-brano-stagioni-ed-emozioni\/#breadcrumb"},"inLanguage":"en-US","potentialAction":[{"@type":"ReadAction","target":["https:\/\/www.studionazari.com\/2026\/02\/24\/gardaland-presenta-a-sanremo-il-nuovo-brano-stagioni-ed-emozioni\/"]}]},{"@type":"ImageObject","inLanguage":"en-US","@id":"https:\/\/www.studionazari.com\/2026\/02\/24\/gardaland-presenta-a-sanremo-il-nuovo-brano-stagioni-ed-emozioni\/#primaryimage","url":"https:\/\/www.studionazari.com\/wp-content\/uploads\/2026\/03\/Gardaland_Stagioni-ed-Emozioni_C7647-1.jpg","contentUrl":"https:\/\/www.studionazari.com\/wp-content\/uploads\/2026\/03\/Gardaland_Stagioni-ed-Emozioni_C7647-1.jpg","width":1200,"height":628},{"@type":"BreadcrumbList","@id":"https:\/\/www.studionazari.com\/2026\/02\/24\/gardaland-presenta-a-sanremo-il-nuovo-brano-stagioni-ed-emozioni\/#breadcrumb","itemListElement":[{"@type":"ListItem","position":1,"name":"Home","item":"https:\/\/www.studionazari.com\/"},{"@type":"ListItem","position":2,"name":"Gardaland presenta a Sanremo il nuovo brano &#8220;Stagioni ed Emozioni&#8221;"}]},{"@type":"WebSite","@id":"https:\/\/www.studionazari.com\/en\/#website","url":"https:\/\/www.studionazari.com\/en\/","name":"Studio Nazari","description":"Media Relations &amp; Digital PR","publisher":{"@id":"https:\/\/www.studionazari.com\/en\/#organization"},"potentialAction":[{"@type":"SearchAction","target":{"@type":"EntryPoint","urlTemplate":"https:\/\/www.studionazari.com\/en\/?s={search_term_string}"},"query-input":{"@type":"PropertyValueSpecification","valueRequired":true,"valueName":"search_term_string"}}],"inLanguage":"en-US"},{"@type":"Organization","@id":"https:\/\/www.studionazari.com\/en\/#organization","name":"Studio Nazari","url":"https:\/\/www.studionazari.com\/en\/","logo":{"@type":"ImageObject","inLanguage":"en-US","@id":"https:\/\/www.studionazari.com\/en\/#\/schema\/logo\/image\/","url":"https:\/\/www.studionazari.com\/wp-content\/uploads\/2022\/05\/logo-studionazari.png","contentUrl":"https:\/\/www.studionazari.com\/wp-content\/uploads\/2022\/05\/logo-studionazari.png","width":8000,"height":3675,"caption":"Studio Nazari"},"image":{"@id":"https:\/\/www.studionazari.com\/en\/#\/schema\/logo\/image\/"}},{"@type":"Person","@id":"https:\/\/www.studionazari.com\/en\/#\/schema\/person\/7187389a555382073f7910283c42672c","name":"Stefania Gianninoto","image":{"@type":"ImageObject","inLanguage":"en-US","@id":"https:\/\/secure.gravatar.com\/avatar\/c8ae71f736c09c8453ab37b92ecbc34f8f3c2d3317c9c1bf5f505f90742de0e7?s=96&d=mm&r=g","url":"https:\/\/secure.gravatar.com\/avatar\/c8ae71f736c09c8453ab37b92ecbc34f8f3c2d3317c9c1bf5f505f90742de0e7?s=96&d=mm&r=g","contentUrl":"https:\/\/secure.gravatar.com\/avatar\/c8ae71f736c09c8453ab37b92ecbc34f8f3c2d3317c9c1bf5f505f90742de0e7?s=96&d=mm&r=g","caption":"Stefania Gianninoto"}}]}},"_links":{"self":[{"href":"https:\/\/www.studionazari.com\/en\/wp-json\/wp\/v2\/posts\/7629","targetHints":{"allow":["GET"]}}],"collection":[{"href":"https:\/\/www.studionazari.com\/en\/wp-json\/wp\/v2\/posts"}],"about":[{"href":"https:\/\/www.studionazari.com\/en\/wp-json\/wp\/v2\/types\/post"}],"author":[{"embeddable":true,"href":"https:\/\/www.studionazari.com\/en\/wp-json\/wp\/v2\/users\/7"}],"replies":[{"embeddable":true,"href":"https:\/\/www.studionazari.com\/en\/wp-json\/wp\/v2\/comments?post=7629"}],"version-history":[{"count":0,"href":"https:\/\/www.studionazari.com\/en\/wp-json\/wp\/v2\/posts\/7629\/revisions"}],"wp:featuredmedia":[{"embeddable":true,"href":"https:\/\/www.studionazari.com\/en\/wp-json\/wp\/v2\/media\/7631"}],"wp:attachment":[{"href":"https:\/\/www.studionazari.com\/en\/wp-json\/wp\/v2\/media?parent=7629"}],"wp:term":[{"taxonomy":"category","embeddable":true,"href":"https:\/\/www.studionazari.com\/en\/wp-json\/wp\/v2\/categories?post=7629"},{"taxonomy":"post_tag","embeddable":true,"href":"https:\/\/www.studionazari.com\/en\/wp-json\/wp\/v2\/tags?post=7629"}],"curies":[{"name":"wp","href":"https:\/\/api.w.org\/{rel}","templated":true}]}}